{"id":52711,"date":"2026-02-18T16:58:53","date_gmt":"2026-02-18T15:58:53","guid":{"rendered":"https:\/\/www.azureva-vacances.com\/?p=52711"},"modified":"2026-02-18T16:58:55","modified_gmt":"2026-02-18T15:58:55","slug":"decouvrir-vichy-allier-100-lieux-a-voir","status":"publish","type":"post","link":"https:\/\/www.azureva-vacances.com\/fr\/decouvrir-vichy-allier-100-lieux-a-voir\/","title":{"rendered":"Les 100 lieux qu\u2019il faut voir sp\u00e9cial Vichy &#8211; Allier"},"content":{"rendered":"<p>Depuis pr\u00e8s de vingt ans, Les 100 lieux qu\u2019il faut voir sp\u00e9cial Auvergne nous transporte dans les merveilles cach\u00e9es et incontournables de cette r\u00e9gion fascinante. Diffus\u00e9e sur France 5, cette s\u00e9rie documentaire nous invite \u00e0 une d\u00e9couverte contemplative et sensible des territoires fran\u00e7ais, offrant bien plus qu\u2019un simple voyage. Elle c\u00e9l\u00e8bre l\u2019authenticit\u00e9, la richesse culturelle et la beaut\u00e9 naturelle \u00e0 travers une narration po\u00e9tique et des rencontres passionnantes avec les habitants.<\/p>\n\n<h2>Les 100 lieux qu\u2019il faut voir sur France 5 : un regard unique sur la richesse des r\u00e9gions<\/h2>\n<p>L\u2019\u00e9mission Les 100 lieux qu\u2019il faut voir sur France 5 propose une balade immersive o\u00f9 chaque \u00e9pisode est une ode \u00e0 la diversit\u00e9 des paysages et au patrimoine local. Ici, la voix off \u00e9l\u00e9gante guide les spectateurs au rythme des \u00e9motions suscit\u00e9es par les territoires d\u00e9voil\u00e9s, m\u00ealant paysages saisissants, traditions vivantes et tr\u00e9sors oubli\u00e9s. France 5 offre \u00e0 travers ce rendez-vous un moment hors du temps pour s\u2019immerger pleinement dans l\u2019\u00e2me des r\u00e9gions fran\u00e7aises.<\/p>\n\n\n<figure class=\"wp-block-embed is-type-video is-provider-youtube wp-block-embed-youtube wp-embed-aspect-16-9 wp-has-aspect-ratio\"><div class=\"wp-block-embed__wrapper\">\n<iframe title=\"Vichy - Allier - Les 100 lieux qu&#039;il faut voir - Documentaire\" width=\"500\" height=\"281\" src=\"https:\/\/www.youtube.com\/embed\/mFLKpJcJmbQ?feature=oembed\" frameborder=\"0\" allow=\"accelerometer; autoplay; clipboard-write; encrypted-media; gyroscope; picture-in-picture; web-share\" referrerpolicy=\"strict-origin-when-cross-origin\" allowfullscreen><\/iframe>\n<\/div><\/figure>\n\n\n<h2>Tout savoir sur l&#8217;Auvergne, c\u0153ur vibrant du Massif central<\/h2>\n<p>Se plonger dans l\u2019\u00e9pisode d\u2019Les 100 lieux qu\u2019il faut voir consacr\u00e9 \u00e0 Auvergne, c\u2019est s\u2019offrir un voyage au c\u0153ur d\u2019une r\u00e9gion o\u00f9 la nature sauvage rencontre un patrimoine historique foisonnant. L\u2019Auvergne, vaste territoire au relief volcanique, s\u2019\u00e9tire entre montagnes majestueuses, vastes plaines et rivi\u00e8res limpides. Son climat, temp\u00e9r\u00e9 et changeant, impose une atmosph\u00e8re o\u00f9 les saisons dessinent un paysage sans cesse renouvel\u00e9. Ici, les traditions rurales c\u00f4toient une culture vivante, p\u00e9trie d\u2019histoires locales, de festivals hauts en couleur et de sp\u00e9cialit\u00e9s culinaires qui parlent au c\u0153ur. Le charme de ses villages, ses thermes reconnus et ses espaces prot\u00e9g\u00e9s font de l\u2019Auvergne une terre de d\u00e9couverte, d\u2019\u00e9motion et d\u2019\u00e9merveillement.<\/p>\n\n<h2>Les 10 choses \u00e0 faire dans l&#8217;Allier et \u00e0 Vichy<\/h2>\n\n<h3>D\u00e9couvrir le palais des congr\u00e8s, joyau de l\u2019architecture thermale<\/h3>\n<p>Monument embl\u00e9matique de Vichy, le palais des congr\u00e8s refl\u00e8te la splendeur du XIXe si\u00e8cle et de la Belle \u00c9poque. Lieu des bals et des grandes soir\u00e9es, il \u00e9voque l\u2019\u00e2me d\u2019une ville qui a su allier raffinement et convivialit\u00e9. D\u00e9ambuler dans ses vastes salles, s\u2019impr\u00e9gner de son histoire vibrante, c\u2019est plonger dans une atmosph\u00e8re o\u00f9 le temps semble suspendu et o\u00f9 chaque d\u00e9tail raconte une \u00e9poque o\u00f9 le thermalisme \u00e9tait un art de vivre.<\/p>\n\n<h3>Fl\u00e2ner dans les jardins publics inspir\u00e9s par Napol\u00e9on III<\/h3>\n<p>Les vastes jardins de Vichy, pens\u00e9s dans le style des parcs \u00e0 l\u2019anglaise et orn\u00e9s d\u2019arbres centenaires, invitent \u00e0 la promenade et \u00e0 la qui\u00e9tude. Sous la lumi\u00e8re douce, les all\u00e9es serpentines r\u00e9v\u00e8lent des pelouses impeccables et des perspectives apaisantes, un v\u00e9ritable \u00e9crin de verdure en pleine ville. Ces espaces, v\u00e9ritables oasis, d\u00e9gagent un parfum d\u2019\u00e9l\u00e9gance surann\u00e9e propice \u00e0 la r\u00eaverie.<\/p>\n\n<h3>Visiter l\u2019op\u00e9ra Art Nouveau : un tr\u00e9sor architectural et sonore<\/h3>\n<p>L\u2019op\u00e9ra de Vichy, construit en 1903, charme par son style Art Nouveau d\u00e9licat et son acoustique exceptionnelle. Son int\u00e9rieur somptueux, ses fresques et ses d\u00e9tails raffin\u00e9s font vibrer les visiteurs au rythme des \u0153uvres artistiques. Ce th\u00e9\u00e2tre a accueilli de grands artistes et reste un symbole vivant du patrimoine culturel vichyssois.<\/p>\n\n<h3>S\u2019\u00e9merveiller devant l\u2019ancien \u00e9tablissement thermal orientaliste<\/h3>\n<p>Chef-d\u2019\u0153uvre de l\u2019architecture audacieuse m\u00ealant styles n\u00e9oclassique, mauresque et byzantin, l\u2019ancien \u00e9tablissement thermal fascine par son d\u00e9cor orientaliste riche en fresques et mosa\u00efques. Ce b\u00e2timent raconte \u00e0 lui seul la qu\u00eate du luxe et de la modernit\u00e9 qui animait Vichy \u00e0 la Belle \u00c9poque, un parfait reflet du rayonnement culturel de la ville.<\/p>\n\n<h3>Go\u00fbter aux douceurs d\u2019\u00ab Aux Marocains \u00bb<\/h3>\n<p>La confiserie \u00ab Aux Marocains \u00bb, cr\u00e9\u00e9e en 1866, perp\u00e9tue avec passion la gourmandise locale. Ses fameux bonbons au caramel, au c\u0153ur fondant et \u00e0 l\u2019enrobage croquant, symbolisent un savoir-faire artisanal pr\u00e9cieux. Une halte d\u00e9licieuse qui renouvelle le go\u00fbt authentique du Vichy d\u2019antan.<\/p>\n\n<h3>Explorer les thermes modernes et leurs innovations sant\u00e9<\/h3>\n<p>Vichy continue d\u2019\u00e9crire son histoire thermale avec des installations contemporaines m\u00ealant tradition et innovation. La m\u00e9cano-th\u00e9rapie, anc\u00eatre de la r\u00e9\u00e9ducation moderne, t\u00e9moigne de cette vocation \u00e0 conjuguer bien-\u00eatre et progr\u00e8s m\u00e9dical, offrant aux visiteurs une exp\u00e9rience de soins unique dans un cadre apaisant.<\/p>\n\n<h3>Parcourir les rues de Vichy \u00e0 la d\u00e9couverte de son architecture \u00e9clectique<\/h3>\n<p>Au-del\u00e0 des monuments embl\u00e9matiques, les balades dans les quartiers r\u00e9v\u00e8lent une multiplicit\u00e9 de styles architecturaux audacieux. Du n\u00e9oclassique aux influences orientales, chaque fa\u00e7ade raconte une histoire, une ambition esth\u00e9tique port\u00e9e par les b\u00e2tisseurs de la Belle \u00c9poque.<\/p>\n\n<h3>Profiter d\u2019une promenade au bord de l\u2019Allier<\/h3>\n<p>La rivi\u00e8re Allier, fluide et paisible, invite \u00e0 des moments de calme en pleine nature. Les berges ombrag\u00e9es sont parfaites pour une balade ressour\u00e7ante, entre chants d\u2019oiseaux et douce brise, offrant un contraste apaisant avec l\u2019effervescence de la ville thermale.<\/p>\n\n<h3>Se plonger dans les march\u00e9s locaux et artisanaux de la r\u00e9gion<\/h3>\n<p>Les march\u00e9s vichyssois et alentours regorgent de produits du terroir, d\u2019artisanat et de saveurs authentiques. Fl\u00e2ner entre les \u00e9tals, sentir les herbes fra\u00eeches et \u00e9changer avec les producteurs, c\u2019est s\u2019immerger dans une tradition vivante o\u00f9 le go\u00fbt et la convivialit\u00e9 tiennent une place centrale.<\/p>\n\n<h3>Participer aux \u00e9v\u00e9nements culturels et festifs de Vichy<\/h3>\n<p>Tout au long de l\u2019ann\u00e9e, Vichy vibre au rythme de festivals, concerts et bals traditionnels. Ces rendez-vous incarnent l\u2019esprit festif et chaleureux de la ville, offrant aux visiteurs l\u2019opportunit\u00e9 de partager la joie de vivre locale dans un cadre \u00e0 la fois \u00e9l\u00e9gant et populaire.<\/p>\n\n<h2>O\u00f9 se loger en Auvergne : Azureva Vacances, le confort au c\u0153ur des paysages<\/h2>\n<p>Chez Azureva, chaque s\u00e9jour en Auvergne est con\u00e7u pour cr\u00e9er des souvenirs inoubliables. Que ce soit pour des escapades en famille, des moments de d\u00e9tente ou des aventures au grand air, Azureva propose des h\u00e9bergements id\u00e9alement plac\u00e9s, pens\u00e9s pour vous faire sentir chez vous. En plein c\u0153ur de la r\u00e9gion, vous profiterez d\u2019un accueil chaleureux, d\u2019\u00e9quipes passionn\u00e9es et d\u2019installations confortables o\u00f9 simplicit\u00e9 et authenticit\u00e9 riment avec bien-\u00eatre.<\/p>\n<p>Azureva vous offre la libert\u00e9 de choisir votre rythme : pension compl\u00e8te pour ne penser qu\u2019\u00e0 profiter, demi-pension pour allier autonomie et convivialit\u00e9, ou location libre pour plus de libert\u00e9. Les clubs enfants gratuits, les animations vari\u00e9es \u2013 entre d\u00e9tente et dynamisme \u2013 ainsi que les excursions organis\u00e9es vous permettront de vivre pleinement la richesse de l\u2019Auvergne. Que vous ayez envie de moments partag\u00e9s ou d\u2019instants calmes, Azureva est la promesse d\u2019un s\u00e9jour r\u00e9ussi sous le signe de la d\u00e9couverte et de la joie.<\/p>","protected":false},"excerpt":{"rendered":"<p>Depuis pr\u00e8s de vingt ans, Les 100 lieux qu\u2019il faut voir sp\u00e9cial Auvergne nous transporte dans les merveilles cach\u00e9es et incontournables de cette r\u00e9gion fascinante. Diffus\u00e9e sur France 5, cette s\u00e9rie documentaire nous invite \u00e0 une d\u00e9couverte contemplative et sensible des territoires fran\u00e7ais, offrant bien plus qu\u2019un simple voyage. Elle c\u00e9l\u00e8bre l\u2019authenticit\u00e9, la richesse culturelle [&hellip;]<\/p>\n","protected":false},"author":12,"featured_media":52709,"comment_status":"open","ping_status":"open","sticky":false,"template":"","format":"standard","meta":{"_acf_changed":false,"_yoast_wpseo_focuskw":"","_yoast_wpseo_title":"Les 100 lieux qu\u2019il faut voir sp\u00e9cial Vichy - Allier","_yoast_wpseo_metadesc":"Plongez dans Les 100 lieux qu\u2019il faut voir sp\u00e9cial Auvergne et d\u00e9couvrez Vichy. Suivez cet \u00e9pisode captivant et explorez cette destination unique.","rank_math_description":"","rank_math_title":"","rank_math_focus_keyword":"","azureva_generated":"","footnotes":""},"categories":[63],"tags":[],"class_list":["post-52711","post","type-post","status-publish","format-standard","has-post-thumbnail","hentry","category-100-lieux-qu-il-faut-voir"],"acf":[],"yoast_head":"<!-- This site is optimized with the Yoast SEO plugin v27.3 - https:\/\/yoast.com\/product\/yoast-seo-wordpress\/ -->\n<title>Les 100 lieux qu\u2019il faut voir sp\u00e9cial Vichy - Allier<\/title>\n<meta name=\"description\" content=\"Plongez dans Les 100 lieux qu\u2019il faut voir sp\u00e9cial Auvergne et d\u00e9couvrez Vichy. Suivez cet \u00e9pisode captivant et explorez cette destination unique.\" \/>\n<meta name=\"robots\" content=\"index, follow, max-snippet:-1, max-image-preview:large, max-video-preview:-1\" \/>\n<link rel=\"canonical\" href=\"https:\/\/www.azureva-vacances.com\/fr\/decouvrir-vichy-allier-100-lieux-a-voir\/\" \/>\n<meta property=\"og:locale\" content=\"fr_FR\" \/>\n<meta property=\"og:type\" content=\"article\" \/>\n<meta property=\"og:title\" content=\"Les 100 lieux qu\u2019il faut voir sp\u00e9cial Vichy - Allier\" \/>\n<meta property=\"og:description\" content=\"Plongez dans Les 100 lieux qu\u2019il faut voir sp\u00e9cial Auvergne et d\u00e9couvrez Vichy. Suivez cet \u00e9pisode captivant et explorez cette destination unique.\" \/>\n<meta property=\"og:url\" content=\"https:\/\/www.azureva-vacances.com\/fr\/decouvrir-vichy-allier-100-lieux-a-voir\/\" \/>\n<meta property=\"og:site_name\" content=\"Azureva Vacances en France\" \/>\n<meta property=\"article:publisher\" content=\"https:\/\/www.facebook.com\/AzurevaVacances\/\" \/>\n<meta property=\"article:published_time\" content=\"2026-02-18T15:58:53+00:00\" \/>\n<meta property=\"article:modified_time\" content=\"2026-02-18T15:58:55+00:00\" \/>\n<meta property=\"og:image\" content=\"https:\/\/www.azureva-vacances.com\/wp-content\/uploads\/2026\/02\/vichy-jardins-architecture-thermalisme.jpg\" \/>\n\t<meta property=\"og:image:width\" content=\"1408\" \/>\n\t<meta property=\"og:image:height\" content=\"768\" \/>\n\t<meta property=\"og:image:type\" content=\"image\/jpeg\" \/>\n<meta name=\"author\" content=\"joanny\" \/>\n<meta name=\"twitter:card\" content=\"summary_large_image\" \/>\n<meta name=\"twitter:label1\" content=\"Written by\" \/>\n\t<meta name=\"twitter:data1\" content=\"joanny\" \/>\n\t<meta name=\"twitter:label2\" content=\"Est. reading time\" \/>\n\t<meta name=\"twitter:data2\" content=\"6 minutes\" \/>\n<script type=\"application\/ld+json\" class=\"yoast-schema-graph\">{\"@context\":\"https:\\\/\\\/schema.org\",\"@graph\":[{\"@type\":\"Article\",\"@id\":\"https:\\\/\\\/www.azureva-vacances.com\\\/fr\\\/decouvrir-vichy-allier-100-lieux-a-voir\\\/#article\",\"isPartOf\":{\"@id\":\"https:\\\/\\\/www.azureva-vacances.com\\\/fr\\\/decouvrir-vichy-allier-100-lieux-a-voir\\\/\"},\"author\":{\"name\":\"joanny\",\"@id\":\"https:\\\/\\\/www.azureva-vacances.com\\\/fr\\\/#\\\/schema\\\/person\\\/1351df50a4e03b41efdcbb04fec75bb3\"},\"headline\":\"Les 100 lieux qu\u2019il faut voir sp\u00e9cial Vichy &#8211; Allier\",\"datePublished\":\"2026-02-18T15:58:53+00:00\",\"dateModified\":\"2026-02-18T15:58:55+00:00\",\"mainEntityOfPage\":{\"@id\":\"https:\\\/\\\/www.azureva-vacances.com\\\/fr\\\/decouvrir-vichy-allier-100-lieux-a-voir\\\/\"},\"wordCount\":1200,\"commentCount\":0,\"publisher\":{\"@id\":\"https:\\\/\\\/www.azureva-vacances.com\\\/fr\\\/#organization\"},\"image\":{\"@id\":\"https:\\\/\\\/www.azureva-vacances.com\\\/fr\\\/decouvrir-vichy-allier-100-lieux-a-voir\\\/#primaryimage\"},\"thumbnailUrl\":\"https:\\\/\\\/www.azureva-vacances.com\\\/wp-content\\\/uploads\\\/2026\\\/02\\\/vichy-jardins-architecture-thermalisme.jpg\",\"articleSection\":[\"Les 100 lieux qu'il faut voir\"],\"inLanguage\":\"fr\",\"potentialAction\":[{\"@type\":\"CommentAction\",\"name\":\"Comment\",\"target\":[\"https:\\\/\\\/www.azureva-vacances.com\\\/fr\\\/decouvrir-vichy-allier-100-lieux-a-voir\\\/#respond\"]}]},{\"@type\":\"WebPage\",\"@id\":\"https:\\\/\\\/www.azureva-vacances.com\\\/fr\\\/decouvrir-vichy-allier-100-lieux-a-voir\\\/\",\"url\":\"https:\\\/\\\/www.azureva-vacances.com\\\/fr\\\/decouvrir-vichy-allier-100-lieux-a-voir\\\/\",\"name\":\"Les 100 lieux qu\u2019il faut voir sp\u00e9cial Vichy - Allier\",\"isPartOf\":{\"@id\":\"https:\\\/\\\/www.azureva-vacances.com\\\/fr\\\/#website\"},\"primaryImageOfPage\":{\"@id\":\"https:\\\/\\\/www.azureva-vacances.com\\\/fr\\\/decouvrir-vichy-allier-100-lieux-a-voir\\\/#primaryimage\"},\"image\":{\"@id\":\"https:\\\/\\\/www.azureva-vacances.com\\\/fr\\\/decouvrir-vichy-allier-100-lieux-a-voir\\\/#primaryimage\"},\"thumbnailUrl\":\"https:\\\/\\\/www.azureva-vacances.com\\\/wp-content\\\/uploads\\\/2026\\\/02\\\/vichy-jardins-architecture-thermalisme.jpg\",\"datePublished\":\"2026-02-18T15:58:53+00:00\",\"dateModified\":\"2026-02-18T15:58:55+00:00\",\"description\":\"Plongez dans Les 100 lieux qu\u2019il faut voir sp\u00e9cial Auvergne et d\u00e9couvrez Vichy. Suivez cet \u00e9pisode captivant et explorez cette destination unique.\",\"breadcrumb\":{\"@id\":\"https:\\\/\\\/www.azureva-vacances.com\\\/fr\\\/decouvrir-vichy-allier-100-lieux-a-voir\\\/#breadcrumb\"},\"inLanguage\":\"fr\",\"potentialAction\":[{\"@type\":\"ReadAction\",\"target\":[\"https:\\\/\\\/www.azureva-vacances.com\\\/fr\\\/decouvrir-vichy-allier-100-lieux-a-voir\\\/\"]}]},{\"@type\":\"ImageObject\",\"inLanguage\":\"fr\",\"@id\":\"https:\\\/\\\/www.azureva-vacances.com\\\/fr\\\/decouvrir-vichy-allier-100-lieux-a-voir\\\/#primaryimage\",\"url\":\"https:\\\/\\\/www.azureva-vacances.com\\\/wp-content\\\/uploads\\\/2026\\\/02\\\/vichy-jardins-architecture-thermalisme.jpg\",\"contentUrl\":\"https:\\\/\\\/www.azureva-vacances.com\\\/wp-content\\\/uploads\\\/2026\\\/02\\\/vichy-jardins-architecture-thermalisme.jpg\",\"width\":1408,\"height\":768,\"caption\":\"Vue r\u00e9aliste de Vichy au printemps, avec ses jardins publics, chalets coloniaux et l\u2019ancien \u00e9tablissement thermal orientaliste, ensoleill\u00e9, ambiance Belle \u00c9poque\"},{\"@type\":\"BreadcrumbList\",\"@id\":\"https:\\\/\\\/www.azureva-vacances.com\\\/fr\\\/decouvrir-vichy-allier-100-lieux-a-voir\\\/#breadcrumb\",\"itemListElement\":[{\"@type\":\"ListItem\",\"position\":1,\"name\":\"Accueil\",\"item\":\"https:\\\/\\\/www.azureva-vacances.com\\\/fr\\\/\"},{\"@type\":\"ListItem\",\"position\":2,\"name\":\"Les 100 lieux qu\u2019il faut voir sp\u00e9cial Vichy &#8211; Allier\"}]},{\"@type\":\"WebSite\",\"@id\":\"https:\\\/\\\/www.azureva-vacances.com\\\/fr\\\/#website\",\"url\":\"https:\\\/\\\/www.azureva-vacances.com\\\/fr\\\/\",\"name\":\"Azureva Vacances\",\"description\":\"\",\"publisher\":{\"@id\":\"https:\\\/\\\/www.azureva-vacances.com\\\/fr\\\/#organization\"},\"potentialAction\":[{\"@type\":\"SearchAction\",\"target\":{\"@type\":\"EntryPoint\",\"urlTemplate\":\"https:\\\/\\\/www.azureva-vacances.com\\\/fr\\\/?s={search_term_string}\"},\"query-input\":{\"@type\":\"PropertyValueSpecification\",\"valueRequired\":true,\"valueName\":\"search_term_string\"}}],\"inLanguage\":\"fr\"},{\"@type\":\"Organization\",\"@id\":\"https:\\\/\\\/www.azureva-vacances.com\\\/fr\\\/#organization\",\"name\":\"Azureva Vacances\",\"url\":\"https:\\\/\\\/www.azureva-vacances.com\\\/fr\\\/\",\"logo\":{\"@type\":\"ImageObject\",\"inLanguage\":\"fr\",\"@id\":\"https:\\\/\\\/www.azureva-vacances.com\\\/fr\\\/#\\\/schema\\\/logo\\\/image\\\/\",\"url\":\"https:\\\/\\\/www.azureva-vacances.com\\\/wp-content\\\/uploads\\\/2025\\\/01\\\/logo.svg\",\"contentUrl\":\"https:\\\/\\\/www.azureva-vacances.com\\\/wp-content\\\/uploads\\\/2025\\\/01\\\/logo.svg\",\"caption\":\"Azureva Vacances\"},\"image\":{\"@id\":\"https:\\\/\\\/www.azureva-vacances.com\\\/fr\\\/#\\\/schema\\\/logo\\\/image\\\/\"},\"sameAs\":[\"https:\\\/\\\/www.facebook.com\\\/AzurevaVacances\\\/\",\"https:\\\/\\\/www.instagram.com\\\/azurevavacances\\\/\",\"https:\\\/\\\/www.tiktok.com\\\/@azureva_vacances\",\"https:\\\/\\\/www.youtube.com\\\/user\\\/vacancesazureva\",\"https:\\\/\\\/www.linkedin.com\\\/company\\\/azureva\\\/mycompany\\\/\"]},{\"@type\":\"Person\",\"@id\":\"https:\\\/\\\/www.azureva-vacances.com\\\/fr\\\/#\\\/schema\\\/person\\\/1351df50a4e03b41efdcbb04fec75bb3\",\"name\":\"joanny\",\"image\":{\"@type\":\"ImageObject\",\"inLanguage\":\"fr\",\"@id\":\"https:\\\/\\\/secure.gravatar.com\\\/avatar\\\/3cb3a9036cc19c24f303c5b6577f960a842a55abbc9021514cf7df4b5ec3c0ce?s=96&d=mm&r=g\",\"url\":\"https:\\\/\\\/secure.gravatar.com\\\/avatar\\\/3cb3a9036cc19c24f303c5b6577f960a842a55abbc9021514cf7df4b5ec3c0ce?s=96&d=mm&r=g\",\"contentUrl\":\"https:\\\/\\\/secure.gravatar.com\\\/avatar\\\/3cb3a9036cc19c24f303c5b6577f960a842a55abbc9021514cf7df4b5ec3c0ce?s=96&d=mm&r=g\",\"caption\":\"joanny\"}}]}<\/script>\n<!-- \/ Yoast SEO plugin. -->","yoast_head_json":{"title":"Les 100 lieux qu\u2019il faut voir sp\u00e9cial Vichy - Allier","description":"Plongez dans Les 100 lieux qu\u2019il faut voir sp\u00e9cial Auvergne et d\u00e9couvrez Vichy. Suivez cet \u00e9pisode captivant et explorez cette destination unique.","robots":{"index":"index","follow":"follow","max-snippet":"max-snippet:-1","max-image-preview":"max-image-preview:large","max-video-preview":"max-video-preview:-1"},"canonical":"https:\/\/www.azureva-vacances.com\/fr\/decouvrir-vichy-allier-100-lieux-a-voir\/","og_locale":"fr_FR","og_type":"article","og_title":"Les 100 lieux qu\u2019il faut voir sp\u00e9cial Vichy - Allier","og_description":"Plongez dans Les 100 lieux qu\u2019il faut voir sp\u00e9cial Auvergne et d\u00e9couvrez Vichy. Suivez cet \u00e9pisode captivant et explorez cette destination unique.","og_url":"https:\/\/www.azureva-vacances.com\/fr\/decouvrir-vichy-allier-100-lieux-a-voir\/","og_site_name":"Azureva Vacances en France","article_publisher":"https:\/\/www.facebook.com\/AzurevaVacances\/","article_published_time":"2026-02-18T15:58:53+00:00","article_modified_time":"2026-02-18T15:58:55+00:00","og_image":[{"width":1408,"height":768,"url":"https:\/\/www.azureva-vacances.com\/wp-content\/uploads\/2026\/02\/vichy-jardins-architecture-thermalisme.jpg","type":"image\/jpeg"}],"author":"joanny","twitter_card":"summary_large_image","twitter_misc":{"Written by":"joanny","Est. reading time":"6 minutes"},"schema":{"@context":"https:\/\/schema.org","@graph":[{"@type":"Article","@id":"https:\/\/www.azureva-vacances.com\/fr\/decouvrir-vichy-allier-100-lieux-a-voir\/#article","isPartOf":{"@id":"https:\/\/www.azureva-vacances.com\/fr\/decouvrir-vichy-allier-100-lieux-a-voir\/"},"author":{"name":"joanny","@id":"https:\/\/www.azureva-vacances.com\/fr\/#\/schema\/person\/1351df50a4e03b41efdcbb04fec75bb3"},"headline":"Les 100 lieux qu\u2019il faut voir sp\u00e9cial Vichy &#8211; Allier","datePublished":"2026-02-18T15:58:53+00:00","dateModified":"2026-02-18T15:58:55+00:00","mainEntityOfPage":{"@id":"https:\/\/www.azureva-vacances.com\/fr\/decouvrir-vichy-allier-100-lieux-a-voir\/"},"wordCount":1200,"commentCount":0,"publisher":{"@id":"https:\/\/www.azureva-vacances.com\/fr\/#organization"},"image":{"@id":"https:\/\/www.azureva-vacances.com\/fr\/decouvrir-vichy-allier-100-lieux-a-voir\/#primaryimage"},"thumbnailUrl":"https:\/\/www.azureva-vacances.com\/wp-content\/uploads\/2026\/02\/vichy-jardins-architecture-thermalisme.jpg","articleSection":["Les 100 lieux qu'il faut voir"],"inLanguage":"fr","potentialAction":[{"@type":"CommentAction","name":"Comment","target":["https:\/\/www.azureva-vacances.com\/fr\/decouvrir-vichy-allier-100-lieux-a-voir\/#respond"]}]},{"@type":"WebPage","@id":"https:\/\/www.azureva-vacances.com\/fr\/decouvrir-vichy-allier-100-lieux-a-voir\/","url":"https:\/\/www.azureva-vacances.com\/fr\/decouvrir-vichy-allier-100-lieux-a-voir\/","name":"Les 100 lieux qu\u2019il faut voir sp\u00e9cial Vichy - Allier","isPartOf":{"@id":"https:\/\/www.azureva-vacances.com\/fr\/#website"},"primaryImageOfPage":{"@id":"https:\/\/www.azureva-vacances.com\/fr\/decouvrir-vichy-allier-100-lieux-a-voir\/#primaryimage"},"image":{"@id":"https:\/\/www.azureva-vacances.com\/fr\/decouvrir-vichy-allier-100-lieux-a-voir\/#primaryimage"},"thumbnailUrl":"https:\/\/www.azureva-vacances.com\/wp-content\/uploads\/2026\/02\/vichy-jardins-architecture-thermalisme.jpg","datePublished":"2026-02-18T15:58:53+00:00","dateModified":"2026-02-18T15:58:55+00:00","description":"Plongez dans Les 100 lieux qu\u2019il faut voir sp\u00e9cial Auvergne et d\u00e9couvrez Vichy. Suivez cet \u00e9pisode captivant et explorez cette destination unique.","breadcrumb":{"@id":"https:\/\/www.azureva-vacances.com\/fr\/decouvrir-vichy-allier-100-lieux-a-voir\/#breadcrumb"},"inLanguage":"fr","potentialAction":[{"@type":"ReadAction","target":["https:\/\/www.azureva-vacances.com\/fr\/decouvrir-vichy-allier-100-lieux-a-voir\/"]}]},{"@type":"ImageObject","inLanguage":"fr","@id":"https:\/\/www.azureva-vacances.com\/fr\/decouvrir-vichy-allier-100-lieux-a-voir\/#primaryimage","url":"https:\/\/www.azureva-vacances.com\/wp-content\/uploads\/2026\/02\/vichy-jardins-architecture-thermalisme.jpg","contentUrl":"https:\/\/www.azureva-vacances.com\/wp-content\/uploads\/2026\/02\/vichy-jardins-architecture-thermalisme.jpg","width":1408,"height":768,"caption":"Vue r\u00e9aliste de Vichy au printemps, avec ses jardins publics, chalets coloniaux et l\u2019ancien \u00e9tablissement thermal orientaliste, ensoleill\u00e9, ambiance Belle \u00c9poque"},{"@type":"BreadcrumbList","@id":"https:\/\/www.azureva-vacances.com\/fr\/decouvrir-vichy-allier-100-lieux-a-voir\/#breadcrumb","itemListElement":[{"@type":"ListItem","position":1,"name":"Accueil","item":"https:\/\/www.azureva-vacances.com\/fr\/"},{"@type":"ListItem","position":2,"name":"Les 100 lieux qu\u2019il faut voir sp\u00e9cial Vichy &#8211; Allier"}]},{"@type":"WebSite","@id":"https:\/\/www.azureva-vacances.com\/fr\/#website","url":"https:\/\/www.azureva-vacances.com\/fr\/","name":"Azureva Vacances","description":"","publisher":{"@id":"https:\/\/www.azureva-vacances.com\/fr\/#organization"},"potentialAction":[{"@type":"SearchAction","target":{"@type":"EntryPoint","urlTemplate":"https:\/\/www.azureva-vacances.com\/fr\/?s={search_term_string}"},"query-input":{"@type":"PropertyValueSpecification","valueRequired":true,"valueName":"search_term_string"}}],"inLanguage":"fr"},{"@type":"Organization","@id":"https:\/\/www.azureva-vacances.com\/fr\/#organization","name":"Azureva Vacances","url":"https:\/\/www.azureva-vacances.com\/fr\/","logo":{"@type":"ImageObject","inLanguage":"fr","@id":"https:\/\/www.azureva-vacances.com\/fr\/#\/schema\/logo\/image\/","url":"https:\/\/www.azureva-vacances.com\/wp-content\/uploads\/2025\/01\/logo.svg","contentUrl":"https:\/\/www.azureva-vacances.com\/wp-content\/uploads\/2025\/01\/logo.svg","caption":"Azureva Vacances"},"image":{"@id":"https:\/\/www.azureva-vacances.com\/fr\/#\/schema\/logo\/image\/"},"sameAs":["https:\/\/www.facebook.com\/AzurevaVacances\/","https:\/\/www.instagram.com\/azurevavacances\/","https:\/\/www.tiktok.com\/@azureva_vacances","https:\/\/www.youtube.com\/user\/vacancesazureva","https:\/\/www.linkedin.com\/company\/azureva\/mycompany\/"]},{"@type":"Person","@id":"https:\/\/www.azureva-vacances.com\/fr\/#\/schema\/person\/1351df50a4e03b41efdcbb04fec75bb3","name":"joanny","image":{"@type":"ImageObject","inLanguage":"fr","@id":"https:\/\/secure.gravatar.com\/avatar\/3cb3a9036cc19c24f303c5b6577f960a842a55abbc9021514cf7df4b5ec3c0ce?s=96&d=mm&r=g","url":"https:\/\/secure.gravatar.com\/avatar\/3cb3a9036cc19c24f303c5b6577f960a842a55abbc9021514cf7df4b5ec3c0ce?s=96&d=mm&r=g","contentUrl":"https:\/\/secure.gravatar.com\/avatar\/3cb3a9036cc19c24f303c5b6577f960a842a55abbc9021514cf7df4b5ec3c0ce?s=96&d=mm&r=g","caption":"joanny"}}]}},"_links":{"self":[{"href":"https:\/\/www.azureva-vacances.com\/fr\/wp-json\/wp\/v2\/posts\/52711","targetHints":{"allow":["GET"]}}],"collection":[{"href":"https:\/\/www.azureva-vacances.com\/fr\/wp-json\/wp\/v2\/posts"}],"about":[{"href":"https:\/\/www.azureva-vacances.com\/fr\/wp-json\/wp\/v2\/types\/post"}],"author":[{"embeddable":true,"href":"https:\/\/www.azureva-vacances.com\/fr\/wp-json\/wp\/v2\/users\/12"}],"replies":[{"embeddable":true,"href":"https:\/\/www.azureva-vacances.com\/fr\/wp-json\/wp\/v2\/comments?post=52711"}],"version-history":[{"count":2,"href":"https:\/\/www.azureva-vacances.com\/fr\/wp-json\/wp\/v2\/posts\/52711\/revisions"}],"predecessor-version":[{"id":52787,"href":"https:\/\/www.azureva-vacances.com\/fr\/wp-json\/wp\/v2\/posts\/52711\/revisions\/52787"}],"wp:featuredmedia":[{"embeddable":true,"href":"https:\/\/www.azureva-vacances.com\/fr\/wp-json\/wp\/v2\/media\/52709"}],"wp:attachment":[{"href":"https:\/\/www.azureva-vacances.com\/fr\/wp-json\/wp\/v2\/media?parent=52711"}],"wp:term":[{"taxonomy":"category","embeddable":true,"href":"https:\/\/www.azureva-vacances.com\/fr\/wp-json\/wp\/v2\/categories?post=52711"},{"taxonomy":"post_tag","embeddable":true,"href":"https:\/\/www.azureva-vacances.com\/fr\/wp-json\/wp\/v2\/tags?post=52711"}],"curies":[{"name":"wp","href":"https:\/\/api.w.org\/{rel}","templated":true}]}}